{"id":2543,"date":"2020-06-15T04:33:47","date_gmt":"2020-06-15T02:33:47","guid":{"rendered":"https:\/\/jostkobusch.de\/?p=2543"},"modified":"2023-12-28T04:12:29","modified_gmt":"2023-12-28T03:12:29","slug":"freiheit-durch-verzicht","status":"publish","type":"post","link":"https:\/\/jostkobusch.de\/en\/freiheit-durch-verzicht\/","title":{"rendered":"Freiheit Durch Verzicht"},"content":{"rendered":"<div data-elementor-type=\"wp-post\" data-elementor-id=\"2543\" class=\"elementor elementor-2543\" data-elementor-post-type=\"post\">\n\t\t\t\t<div class=\"elementor-element elementor-element-379516b8 e-flex e-con-boxed e-con e-parent\" data-id=\"379516b8\" data-element_type=\"container\" data-e-type=\"container\">\n\t\t\t\t\t<div class=\"e-con-inner\">\n\t\t\t\t<div class=\"elementor-element elementor-element-76f6c660 elementor-widget elementor-widget-text-editor\" data-id=\"76f6c660\" data-element_type=\"widget\" data-e-type=\"widget\" data-widget_type=\"text-editor.default\">\n\t\t\t\t<div class=\"elementor-widget-container\">\n\t\t\t\t\t\t\t\t\t<p><\/p><p><strong>Ich sage oft, dass die Berge mein Spielplatz sind, aber ich vergesse dabei nie, dass sie so viel gr\u00f6\u00dfer und st\u00e4rker sind als ich. Auch wenn der Mensch zwischenzeitlich versucht dieses Machtgef\u00e4lle umzudrehen, indem Bohrhaken angebracht, Leitern mit auf den Berg geschleppt werden oder mit viel Materialeinsatz noch der steilste \u00dcberhang durchstiegen wird. Die Natur kann man nicht besiegen, oder etwa doch?<\/strong><\/p><p><\/p>\t\t\t\t\t\t\t\t<\/div>\n\t\t\t\t<\/div>\n\t\t\t\t<div class=\"elementor-element elementor-element-1150377 elementor-widget elementor-widget-text-editor\" data-id=\"1150377\" data-element_type=\"widget\" data-e-type=\"widget\" data-widget_type=\"text-editor.default\">\n\t\t\t\t<div class=\"elementor-widget-container\">\n\t\t\t\t\t\t\t\t\t<p><\/p><p>Seit Jahrzehnten werden die Heiligt\u00fcmer der Natur \u00fcbers\u00e4t mit Bierdosen, Schei\u00dfhaufen und Schlaghaken. Mich wundert es schon gar nicht mehr wenn sich vor mir mal ein Hollywoodreifes Junkie Spritzenset aus dem Eis herausschmilzt. Wo ist denn die Wildnis? Das Abenteuer? M\u00fcssen wir uns in Zukunft daran gew\u00f6hnen?<\/p><p><\/p>\t\t\t\t\t\t\t\t<\/div>\n\t\t\t\t<\/div>\n\t\t\t\t<div class=\"elementor-element elementor-element-3e88670 elementor-widget elementor-widget-image\" data-id=\"3e88670\" data-element_type=\"widget\" data-e-type=\"widget\" data-widget_type=\"image.default\">\n\t\t\t\t<div class=\"elementor-widget-container\">\n\t\t\t\t\t\t\t\t\t\t\t\t\t\t\t<img fetchpriority=\"high\" decoding=\"async\" width=\"1024\" height=\"576\" src=\"https:\/\/jostkobusch.de\/wp-content\/uploads\/2020\/06\/jost-kobusch-everest-basecamp-muell-spritze-1024x576-2.jpg\" class=\"attachment-full size-full wp-image-2728\" alt=\"\" srcset=\"https:\/\/jostkobusch.de\/wp-content\/uploads\/2020\/06\/jost-kobusch-everest-basecamp-muell-spritze-1024x576-2.jpg 1024w, https:\/\/jostkobusch.de\/wp-content\/uploads\/2020\/06\/jost-kobusch-everest-basecamp-muell-spritze-1024x576-2-300x169.jpg 300w, https:\/\/jostkobusch.de\/wp-content\/uploads\/2020\/06\/jost-kobusch-everest-basecamp-muell-spritze-1024x576-2-768x432.jpg 768w, https:\/\/jostkobusch.de\/wp-content\/uploads\/2020\/06\/jost-kobusch-everest-basecamp-muell-spritze-1024x576-2-18x10.jpg 18w\" sizes=\"(max-width: 1024px) 100vw, 1024px\" \/>\t\t\t\t\t\t\t\t\t\t\t\t\t\t\t<\/div>\n\t\t\t\t<\/div>\n\t\t\t\t<div class=\"elementor-element elementor-element-7d07c93 elementor-widget elementor-widget-text-editor\" data-id=\"7d07c93\" data-element_type=\"widget\" data-e-type=\"widget\" data-widget_type=\"text-editor.default\">\n\t\t\t\t<div class=\"elementor-widget-container\">\n\t\t\t\t\t\t\t\t\t<p><\/p><p>Ich will mich nicht damit abfinden! Die Reine Wildnis ist f\u00fcr mich ein endloser Palast, der mich immer wieder aufs Neue ins Staunen bringt. All die Hilfsmittel trennen mich von der unmittelbaren Erfahrung, deshalb mein Minimalismus. Alpinstil Solo ist das Schwerste. Die K\u00f6nigsdisziplin. Die Schwierigkeit reizt mich. Aber es liegt auch in meinem eigenn\u00fctzigen Interesse die Wildnis zu erhalten, in der ich als Mensch wachse. Und es ist eine unglaubliche Freiheit, die durch meinen Verzicht entsteht.<\/p><p><\/p>\t\t\t\t\t\t\t\t<\/div>\n\t\t\t\t<\/div>\n\t\t\t\t<div class=\"elementor-element elementor-element-6596d28 elementor-widget elementor-widget-text-editor\" data-id=\"6596d28\" data-element_type=\"widget\" data-e-type=\"widget\" data-widget_type=\"text-editor.default\">\n\t\t\t\t<div class=\"elementor-widget-container\">\n\t\t\t\t\t\t\t\t\t<p><\/p><p>Durch meine Touren habe ich nahezu unber\u00fchrte Wildnis gesehen, aber auch ehemals wundersch\u00f6ne Orte, die massiv unter unserem Verhalten leiden. So bin ich mit dem Thema Naturschutz und Nachhaltigkeit in Verbindung gekommen. Mich ekelt es an was wir dem, was uns am Leben h\u00e4lt, antuen.<\/p><p><\/p>\t\t\t\t\t\t\t\t<\/div>\n\t\t\t\t<\/div>\n\t\t\t\t<div class=\"elementor-element elementor-element-78e8992 elementor-widget elementor-widget-text-editor\" data-id=\"78e8992\" data-element_type=\"widget\" data-e-type=\"widget\" data-widget_type=\"text-editor.default\">\n\t\t\t\t<div class=\"elementor-widget-container\">\n\t\t\t\t\t\t\t\t\t<p><\/p><p>Ich meine, wir schmei\u00dfen auch keinen M\u00fcll bei uns ins Wohnzimmer, geschweige denn in eine Kirche, Synagoge und Moschee, oder? Das sind heilige Orte, genauso wie es auch die Berge, die W\u00e4lder, die Ozeane sind &#8211; wie es die Natur allgemein ist. F\u00fcr mich ist die Natur ein Ort, an dem ich meinem innersten Selbst ausgesetzt bin. Die Berge reissen mich wie einen Sturm hinaus. In ihnen bin ich wach. In ihnen f\u00fchle ich alles. Es ist der Ort, an dem ich zur Arbeit gehe. An den ich zum Nachdenken gehe. Es ist die Umgebung in der ich mich am spirituellsten f\u00fchle. Ganz viel von meinem Umweltbewusstsein kommt erst durch das Leben in und mit den Bergen, durch die Interaktion mit den Elementen. Und deswegen kann ich mich nicht Bergsportler nennen ohne dabei Umweltsch\u00fctzer zu sein.<\/p><p><\/p>\t\t\t\t\t\t\t\t<\/div>\n\t\t\t\t<\/div>\n\t\t\t\t<div class=\"elementor-element elementor-element-3ff0294 elementor-widget elementor-widget-gallery\" data-id=\"3ff0294\" data-element_type=\"widget\" data-e-type=\"widget\" data-settings=\"{&quot;lazyload&quot;:&quot;yes&quot;,&quot;gallery_layout&quot;:&quot;grid&quot;,&quot;columns&quot;:4,&quot;columns_tablet&quot;:2,&quot;columns_mobile&quot;:1,&quot;gap&quot;:{&quot;unit&quot;:&quot;px&quot;,&quot;size&quot;:10,&quot;sizes&quot;:[]},&quot;gap_tablet&quot;:{&quot;unit&quot;:&quot;px&quot;,&quot;size&quot;:10,&quot;sizes&quot;:[]},&quot;gap_mobile&quot;:{&quot;unit&quot;:&quot;px&quot;,&quot;size&quot;:10,&quot;sizes&quot;:[]},&quot;link_to&quot;:&quot;file&quot;,&quot;aspect_ratio&quot;:&quot;3:2&quot;,&quot;overlay_background&quot;:&quot;yes&quot;,&quot;content_hover_animation&quot;:&quot;fade-in&quot;}\" data-widget_type=\"gallery.default\">\n\t\t\t\t<div class=\"elementor-widget-container\">\n\t\t\t\t\t\t\t<div class=\"elementor-gallery__container\">\n\t\t\t\t\t\t\t<a class=\"e-gallery-item elementor-gallery-item elementor-animated-content\" href=\"https:\/\/jostkobusch.de\/wp-content\/uploads\/2020\/06\/jost-kobusch-everest-muell.jpg\" data-elementor-open-lightbox=\"yes\" data-elementor-lightbox-slideshow=\"3ff0294\" data-e-action-hash=\"#elementor-action%3Aaction%3Dlightbox%26settings%3DeyJpZCI6MjU1MCwidXJsIjoiaHR0cHM6XC9cL2pvc3Rrb2J1c2NoLmRlXC93cC1jb250ZW50XC91cGxvYWRzXC8yMDIwXC8wNlwvam9zdC1rb2J1c2NoLWV2ZXJlc3QtbXVlbGwuanBnIiwic2xpZGVzaG93IjoiM2ZmMDI5NCJ9\">\n\t\t\t\t\t<div class=\"e-gallery-image elementor-gallery-item__image\" data-thumbnail=\"https:\/\/jostkobusch.de\/wp-content\/uploads\/2020\/06\/jost-kobusch-everest-muell.jpg\" data-width=\"2048\" data-height=\"1365\" aria-label=\"\" role=\"img\" ><\/div>\n\t\t\t\t\t\t\t\t\t\t\t<div class=\"elementor-gallery-item__overlay\"><\/div>\n\t\t\t\t\t\t\t\t\t\t\t\t\t\t<\/a>\n\t\t\t\t\t\t\t<a class=\"e-gallery-item elementor-gallery-item elementor-animated-content\" href=\"https:\/\/jostkobusch.de\/wp-content\/uploads\/2020\/06\/jost-kobusch-everest-knochen.jpg\" data-elementor-open-lightbox=\"yes\" data-elementor-lightbox-slideshow=\"3ff0294\" data-e-action-hash=\"#elementor-action%3Aaction%3Dlightbox%26settings%3DeyJpZCI6MjU0OSwidXJsIjoiaHR0cHM6XC9cL2pvc3Rrb2J1c2NoLmRlXC93cC1jb250ZW50XC91cGxvYWRzXC8yMDIwXC8wNlwvam9zdC1rb2J1c2NoLWV2ZXJlc3Qta25vY2hlbi5qcGciLCJzbGlkZXNob3ciOiIzZmYwMjk0In0%3D\">\n\t\t\t\t\t<div class=\"e-gallery-image elementor-gallery-item__image\" data-thumbnail=\"https:\/\/jostkobusch.de\/wp-content\/uploads\/2020\/06\/jost-kobusch-everest-knochen.jpg\" data-width=\"2048\" data-height=\"1365\" aria-label=\"\" role=\"img\" ><\/div>\n\t\t\t\t\t\t\t\t\t\t\t<div class=\"elementor-gallery-item__overlay\"><\/div>\n\t\t\t\t\t\t\t\t\t\t\t\t\t\t<\/a>\n\t\t\t\t\t\t\t<a class=\"e-gallery-item elementor-gallery-item elementor-animated-content\" href=\"https:\/\/jostkobusch.de\/wp-content\/uploads\/2020\/06\/jost-kobusch-everest-basecamp-muell-sammeln.jpg\" data-elementor-open-lightbox=\"yes\" data-elementor-lightbox-slideshow=\"3ff0294\" data-e-action-hash=\"#elementor-action%3Aaction%3Dlightbox%26settings%3DeyJpZCI6MjU0OCwidXJsIjoiaHR0cHM6XC9cL2pvc3Rrb2J1c2NoLmRlXC93cC1jb250ZW50XC91cGxvYWRzXC8yMDIwXC8wNlwvam9zdC1rb2J1c2NoLWV2ZXJlc3QtYmFzZWNhbXAtbXVlbGwtc2FtbWVsbi5qcGciLCJzbGlkZXNob3ciOiIzZmYwMjk0In0%3D\">\n\t\t\t\t\t<div class=\"e-gallery-image elementor-gallery-item__image\" data-thumbnail=\"https:\/\/jostkobusch.de\/wp-content\/uploads\/2020\/06\/jost-kobusch-everest-basecamp-muell-sammeln.jpg\" data-width=\"2048\" data-height=\"1365\" aria-label=\"\" role=\"img\" ><\/div>\n\t\t\t\t\t\t\t\t\t\t\t<div class=\"elementor-gallery-item__overlay\"><\/div>\n\t\t\t\t\t\t\t\t\t\t\t\t\t\t<\/a>\n\t\t\t\t\t\t\t<a class=\"e-gallery-item elementor-gallery-item elementor-animated-content\" href=\"https:\/\/jostkobusch.de\/wp-content\/uploads\/2020\/06\/jost-kobusch-everest-schuh.jpg\" data-elementor-open-lightbox=\"yes\" data-elementor-lightbox-slideshow=\"3ff0294\" data-e-action-hash=\"#elementor-action%3Aaction%3Dlightbox%26settings%3DeyJpZCI6MjU1MSwidXJsIjoiaHR0cHM6XC9cL2pvc3Rrb2J1c2NoLmRlXC93cC1jb250ZW50XC91cGxvYWRzXC8yMDIwXC8wNlwvam9zdC1rb2J1c2NoLWV2ZXJlc3Qtc2NodWguanBnIiwic2xpZGVzaG93IjoiM2ZmMDI5NCJ9\">\n\t\t\t\t\t<div class=\"e-gallery-image elementor-gallery-item__image\" data-thumbnail=\"https:\/\/jostkobusch.de\/wp-content\/uploads\/2020\/06\/jost-kobusch-everest-schuh.jpg\" data-width=\"2048\" data-height=\"1365\" aria-label=\"\" role=\"img\" ><\/div>\n\t\t\t\t\t\t\t\t\t\t\t<div class=\"elementor-gallery-item__overlay\"><\/div>\n\t\t\t\t\t\t\t\t\t\t\t\t\t\t<\/a>\n\t\t\t\t\t<\/div>\n\t\t\t\t\t<\/div>\n\t\t\t\t<\/div>\n\t\t\t\t<div class=\"elementor-element elementor-element-227a874 elementor-widget elementor-widget-text-editor\" data-id=\"227a874\" data-element_type=\"widget\" data-e-type=\"widget\" data-widget_type=\"text-editor.default\">\n\t\t\t\t<div class=\"elementor-widget-container\">\n\t\t\t\t\t\t\t\t\t<p><\/p><p>Versteht mich nicht falsch. Mit meinen Projekten, f\u00fcr die ich um die Welt fliege, bin ich bestimmt kein Vorbild in Sachen Nachhaltigkeit. Aber genau deswegen m\u00f6chte ich mit euch in den Dialog kommen. Es ist nicht so, dass wir noch einen zweiten Planeten im Keller rumstehen haben. Deswegen denke ich, dass jeder von uns sein Leben bewusst nachhaltiger gestalten muss. Nicht nur f\u00fcr die kommenden Generationen. Schon jetzt sind wir an einem Punkt angekommen an dem alle Ma\u00dfnahmen, die wir heute treffen, auch eigenn\u00fctzig sind und einen Effekt haben den wir selber sp\u00fcren. Ich m\u00f6chte schauen wie genau ich der Natur schade, und was ich daf\u00fcr tun kann um es zuk\u00fcnftig besser zu machen ohne meinen Traum vom Bergsteigen aufgeben zu m\u00fcssen.<\/p><p>Denn <b>Nachhaltigkeit bedeutet f\u00fcr mich, die Bed\u00fcrfnisse der Gegenwart zu befriedigen ohne die M\u00f6glichkeiten der n\u00e4chsten Generationen einzuschr\u00e4nken.<\/b><\/p><p><\/p>\t\t\t\t\t\t\t\t<\/div>\n\t\t\t\t<\/div>\n\t\t\t\t<div class=\"elementor-element elementor-element-c2dc32a elementor-widget elementor-widget-image\" data-id=\"c2dc32a\" data-element_type=\"widget\" data-e-type=\"widget\" data-widget_type=\"image.default\">\n\t\t\t\t<div class=\"elementor-widget-container\">\n\t\t\t\t\t\t\t\t\t\t\t\t\t\t\t<img decoding=\"async\" width=\"1024\" height=\"576\" src=\"https:\/\/jostkobusch.de\/wp-content\/uploads\/2020\/06\/jost-kobusch-everest-helikopter-shooting-1024x576-1.jpg\" class=\"attachment-full size-full wp-image-2552\" alt=\"\" srcset=\"https:\/\/jostkobusch.de\/wp-content\/uploads\/2020\/06\/jost-kobusch-everest-helikopter-shooting-1024x576-1.jpg 1024w, https:\/\/jostkobusch.de\/wp-content\/uploads\/2020\/06\/jost-kobusch-everest-helikopter-shooting-1024x576-1-300x169.jpg 300w, https:\/\/jostkobusch.de\/wp-content\/uploads\/2020\/06\/jost-kobusch-everest-helikopter-shooting-1024x576-1-768x432.jpg 768w\" sizes=\"(max-width: 1024px) 100vw, 1024px\" \/>\t\t\t\t\t\t\t\t\t\t\t\t\t\t\t<\/div>\n\t\t\t\t<\/div>\n\t\t\t\t<div class=\"elementor-element elementor-element-4c074d8 elementor-widget elementor-widget-gallery\" data-id=\"4c074d8\" data-element_type=\"widget\" data-e-type=\"widget\" data-settings=\"{&quot;columns&quot;:3,&quot;lazyload&quot;:&quot;yes&quot;,&quot;gallery_layout&quot;:&quot;grid&quot;,&quot;columns_tablet&quot;:2,&quot;columns_mobile&quot;:1,&quot;gap&quot;:{&quot;unit&quot;:&quot;px&quot;,&quot;size&quot;:10,&quot;sizes&quot;:[]},&quot;gap_tablet&quot;:{&quot;unit&quot;:&quot;px&quot;,&quot;size&quot;:10,&quot;sizes&quot;:[]},&quot;gap_mobile&quot;:{&quot;unit&quot;:&quot;px&quot;,&quot;size&quot;:10,&quot;sizes&quot;:[]},&quot;link_to&quot;:&quot;file&quot;,&quot;aspect_ratio&quot;:&quot;3:2&quot;,&quot;overlay_background&quot;:&quot;yes&quot;,&quot;content_hover_animation&quot;:&quot;fade-in&quot;}\" data-widget_type=\"gallery.default\">\n\t\t\t\t<div class=\"elementor-widget-container\">\n\t\t\t\t\t\t\t<div class=\"elementor-gallery__container\">\n\t\t\t\t\t\t\t<a class=\"e-gallery-item elementor-gallery-item elementor-animated-content\" href=\"https:\/\/jostkobusch.de\/wp-content\/uploads\/2020\/06\/jost-kobusch-everest-nackt-auf-eis.jpg\" data-elementor-open-lightbox=\"yes\" data-elementor-lightbox-slideshow=\"4c074d8\" data-e-action-hash=\"#elementor-action%3Aaction%3Dlightbox%26settings%3DeyJpZCI6MjU1MywidXJsIjoiaHR0cHM6XC9cL2pvc3Rrb2J1c2NoLmRlXC93cC1jb250ZW50XC91cGxvYWRzXC8yMDIwXC8wNlwvam9zdC1rb2J1c2NoLWV2ZXJlc3QtbmFja3QtYXVmLWVpcy5qcGciLCJzbGlkZXNob3ciOiI0YzA3NGQ4In0%3D\">\n\t\t\t\t\t<div class=\"e-gallery-image elementor-gallery-item__image\" data-thumbnail=\"https:\/\/jostkobusch.de\/wp-content\/uploads\/2020\/06\/jost-kobusch-everest-nackt-auf-eis.jpg\" data-width=\"2048\" data-height=\"1365\" aria-label=\"\" role=\"img\" ><\/div>\n\t\t\t\t\t\t\t\t\t\t\t<div class=\"elementor-gallery-item__overlay\"><\/div>\n\t\t\t\t\t\t\t\t\t\t\t\t\t\t<\/a>\n\t\t\t\t\t\t\t<a class=\"e-gallery-item elementor-gallery-item elementor-animated-content\" href=\"https:\/\/jostkobusch.de\/wp-content\/uploads\/2020\/06\/jost-kobusch-everest-west-ridge-solo-eisklettern.jpg\" data-elementor-open-lightbox=\"yes\" data-elementor-lightbox-slideshow=\"4c074d8\" data-e-action-hash=\"#elementor-action%3Aaction%3Dlightbox%26settings%3DeyJpZCI6MjU1NCwidXJsIjoiaHR0cHM6XC9cL2pvc3Rrb2J1c2NoLmRlXC93cC1jb250ZW50XC91cGxvYWRzXC8yMDIwXC8wNlwvam9zdC1rb2J1c2NoLWV2ZXJlc3Qtd2VzdC1yaWRnZS1zb2xvLWVpc2tsZXR0ZXJuLmpwZyIsInNsaWRlc2hvdyI6IjRjMDc0ZDgifQ%3D%3D\">\n\t\t\t\t\t<div class=\"e-gallery-image elementor-gallery-item__image\" data-thumbnail=\"https:\/\/jostkobusch.de\/wp-content\/uploads\/2020\/06\/jost-kobusch-everest-west-ridge-solo-eisklettern.jpg\" data-width=\"2048\" data-height=\"1365\" aria-label=\"\" role=\"img\" ><\/div>\n\t\t\t\t\t\t\t\t\t\t\t<div class=\"elementor-gallery-item__overlay\"><\/div>\n\t\t\t\t\t\t\t\t\t\t\t\t\t\t<\/a>\n\t\t\t\t\t\t\t<a class=\"e-gallery-item elementor-gallery-item elementor-animated-content\" href=\"https:\/\/jostkobusch.de\/wp-content\/uploads\/2020\/06\/jost-kobusch-everest-muell-sammeln.jpg\" data-elementor-open-lightbox=\"yes\" data-elementor-lightbox-slideshow=\"4c074d8\" data-e-action-hash=\"#elementor-action%3Aaction%3Dlightbox%26settings%3DeyJpZCI6MjU1NSwidXJsIjoiaHR0cHM6XC9cL2pvc3Rrb2J1c2NoLmRlXC93cC1jb250ZW50XC91cGxvYWRzXC8yMDIwXC8wNlwvam9zdC1rb2J1c2NoLWV2ZXJlc3QtbXVlbGwtc2FtbWVsbi5qcGciLCJzbGlkZXNob3ciOiI0YzA3NGQ4In0%3D\">\n\t\t\t\t\t<div class=\"e-gallery-image elementor-gallery-item__image\" data-thumbnail=\"https:\/\/jostkobusch.de\/wp-content\/uploads\/2020\/06\/jost-kobusch-everest-muell-sammeln.jpg\" data-width=\"2048\" data-height=\"1365\" aria-label=\"\" role=\"img\" ><\/div>\n\t\t\t\t\t\t\t\t\t\t\t<div class=\"elementor-gallery-item__overlay\"><\/div>\n\t\t\t\t\t\t\t\t\t\t\t\t\t\t<\/a>\n\t\t\t\t\t<\/div>\n\t\t\t\t\t<\/div>\n\t\t\t\t<\/div>\n\t\t\t\t<div class=\"elementor-element elementor-element-e36effa elementor-widget elementor-widget-text-editor\" data-id=\"e36effa\" data-element_type=\"widget\" data-e-type=\"widget\" data-widget_type=\"text-editor.default\">\n\t\t\t\t<div class=\"elementor-widget-container\">\n\t\t\t\t\t\t\t\t\t<p>Umweltwissenschaftler Lucian Negrut und ich haben die Zeit der Corona Pandemie genutzt um systematisch zu analysieren was ich denn \u00fcberhaupt mache.<br \/>So eine Analyse beginnt nicht damit zu sagen: \u201e Jaja, ich bin ja pflanzenbasiert und minimalistisch unterwegs und mache deswegen schon alles gut!\u201c. Ganz im Gegenteil. Viele Tierische Produkte wie Leder, sind biologisch abbaubar und erzeugen kein Mikroplastik.<br \/>Es beginnt damit sich einen \u00dcberblick zu verschaffen, was genau ich in meinem Privatleben und auf meinen Expeditionen alles tue, und systematisch zu analysieren.<\/p><p><b>Durch Wissen entsteht Bewusstsein und durch Bewusstsein entsteht Ver\u00e4nderung. <\/b><\/p><p>Deswegen spreche ich so viel \u00fcber Nachhaltigkeit.\u00a0<span style=\"font-size: 18px; color: var( --e-global-color-text ); font-family: var( --e-global-typography-text-font-family ), Sans-serif;\">Wir alle sind Konsumenten &#8211; das bedeutet, dass wir alle mit unseren Kaufentscheidungen das Angebot ver\u00e4ndern k\u00f6nnen. Dabei wird sich der Preis der Nachfrage anpassen. Eigentlich ganz einfach, oder?<\/span><\/p><p>Aber ich kann euch sagen, das war erstmal ein schmerzhafter Prozess. Festzustellen, dass das was ich mache und liebe h\u00e4ufig total unnachhaltig ist. Mit dabei war immer die Angst, dass es vielleicht sogar besser ist, wenn ich zuhause bleiben w\u00fcrde. Aber genau darum soll es hierbei ja gehen. Wir alle haben Tr\u00e4ume. Wir wollen alle unserem Warum folgen und das m\u00f6glichst langfristig.<\/p><p>Und dabei geht es nicht nur um \u201eUmwelt\u201c &#8211; wenn es Menschen schlecht geht, dann machen sie die Natur kaputt.<\/p><p>Im Kampf ums \u00dcberleben k\u00f6nnen sie es sich nicht leisten in die \u201eZukunft\u201c zu investieren. Es ist wichtig, dass unter fairen Bedingungen gearbeitet wird. Deswegen ist Soziale Nachhaltigkeit ein grosser Bestandteil meines Approaches geworden.<\/p>\t\t\t\t\t\t\t\t<\/div>\n\t\t\t\t<\/div>\n\t\t\t\t<div class=\"elementor-element elementor-element-f5dff35 elementor-widget elementor-widget-image\" data-id=\"f5dff35\" data-element_type=\"widget\" data-e-type=\"widget\" data-widget_type=\"image.default\">\n\t\t\t\t<div class=\"elementor-widget-container\">\n\t\t\t\t\t\t\t\t\t\t\t\t\t\t\t<img decoding=\"async\" width=\"1024\" height=\"683\" src=\"https:\/\/jostkobusch.de\/wp-content\/uploads\/2020\/06\/jost-kobusch-everest-west-ridge-eiswand-solo-1024x683-1.jpg\" class=\"attachment-full size-full wp-image-2556\" alt=\"\" srcset=\"https:\/\/jostkobusch.de\/wp-content\/uploads\/2020\/06\/jost-kobusch-everest-west-ridge-eiswand-solo-1024x683-1.jpg 1024w, https:\/\/jostkobusch.de\/wp-content\/uploads\/2020\/06\/jost-kobusch-everest-west-ridge-eiswand-solo-1024x683-1-300x200.jpg 300w, https:\/\/jostkobusch.de\/wp-content\/uploads\/2020\/06\/jost-kobusch-everest-west-ridge-eiswand-solo-1024x683-1-768x512.jpg 768w\" sizes=\"(max-width: 1024px) 100vw, 1024px\" \/>\t\t\t\t\t\t\t\t\t\t\t\t\t\t\t<\/div>\n\t\t\t\t<\/div>\n\t\t\t\t<div class=\"elementor-element elementor-element-3216fd1 elementor-widget elementor-widget-text-editor\" data-id=\"3216fd1\" data-element_type=\"widget\" data-e-type=\"widget\" data-widget_type=\"text-editor.default\">\n\t\t\t\t<div class=\"elementor-widget-container\">\n\t\t\t\t\t\t\t\t\t<p><\/p><p>Ein Baustein zur L\u00f6sung f\u00fcr dieses Dilemma ist die Analyse mit Lucian. Basierend auf Schwachpunkten und St\u00e4rken haben wir Nachhaltigkeits- Ziele formuliert, die ich verfolgen m\u00f6chte. Es gibt einige schnelle implementierbare Dinge wie das Reduzieren von Fl\u00fcgen jeglicher Art, oder das Sponsern von Weiterbildungsoptionen f\u00fcr Locals. Aber auch langfristige Ziele die ich in der Ausr\u00fcstungsentwicklung mit Brands verfolge.<br \/>Lasst uns einfach alle zusammenhalten, damit wir am Ende noch einen Planeten haben, auf dem es sich zu leben lohnt.<br \/>Wir haben das Paradies hier und das gilt es zu erhalten.<\/p><p>Habt ne gute Zeit in den Bergen! Hi five.<\/p><p>PS: JA der Helikopter ist bewusst provokativ in diesem Artikel\u00a0<\/p><p><\/p>\t\t\t\t\t\t\t\t<\/div>\n\t\t\t\t<\/div>\n\t\t\t\t<div class=\"elementor-element elementor-element-ca14921 elementor-grid-2 elementor-grid-tablet-2 elementor-grid-mobile-1 elementor-widget elementor-widget-portfolio\" data-id=\"ca14921\" data-element_type=\"widget\" data-e-type=\"widget\" data-settings=\"{&quot;columns&quot;:&quot;2&quot;,&quot;columns_tablet&quot;:&quot;2&quot;,&quot;columns_mobile&quot;:&quot;1&quot;,&quot;item_ratio&quot;:{&quot;unit&quot;:&quot;px&quot;,&quot;size&quot;:0.66,&quot;sizes&quot;:[]},&quot;item_gap&quot;:{&quot;unit&quot;:&quot;px&quot;,&quot;size&quot;:&quot;&quot;,&quot;sizes&quot;:[]},&quot;row_gap&quot;:{&quot;unit&quot;:&quot;px&quot;,&quot;size&quot;:&quot;&quot;,&quot;sizes&quot;:[]}}\" data-widget_type=\"portfolio.default\">\n\t\t\t\t<div class=\"elementor-widget-container\">\n\t\t\t\t\t\t\t<div class=\"elementor-portfolio elementor-grid elementor-posts-container\" role=\"list\">\n\t\t\t\t<article class=\"elementor-portfolio-item elementor-post  post-2558 post type-post status-publish format-standard has-post-thumbnail hentry category-allgemein\" role=\"listitem\">\n\t\t\t<a class=\"elementor-post__thumbnail__link\" href=\"https:\/\/jostkobusch.de\/en\/by-fair-means\/\">\n\t\t\t\t<div class=\"elementor-portfolio-item__img elementor-post__thumbnail\">\n\t\t\t<img loading=\"lazy\" decoding=\"async\" width=\"1024\" height=\"683\" src=\"https:\/\/jostkobusch.de\/wp-content\/uploads\/2023\/12\/HUG_2866-1024x683-1.jpg\" class=\"attachment-full size-full wp-image-2559\" alt=\"\" srcset=\"https:\/\/jostkobusch.de\/wp-content\/uploads\/2023\/12\/HUG_2866-1024x683-1.jpg 1024w, https:\/\/jostkobusch.de\/wp-content\/uploads\/2023\/12\/HUG_2866-1024x683-1-300x200.jpg 300w, https:\/\/jostkobusch.de\/wp-content\/uploads\/2023\/12\/HUG_2866-1024x683-1-768x512.jpg 768w\" sizes=\"(max-width: 1024px) 100vw, 1024px\" \/>\t\t<\/div>\n\t\t\t\t<div class=\"elementor-portfolio-item__overlay\">\n\t\t\t\t<h3 class=\"elementor-portfolio-item__title\">\n\t\tBy Fair Means\t\t<\/h3>\n\t\t\t\t<\/div>\n\t\t\t\t<\/a>\n\t\t<\/article>\n\t\t\t\t<article class=\"elementor-portfolio-item elementor-post  post-2543 post type-post status-publish format-standard has-post-thumbnail hentry category-allgemein\" role=\"listitem\">\n\t\t\t<a class=\"elementor-post__thumbnail__link\" href=\"https:\/\/jostkobusch.de\/en\/freiheit-durch-verzicht\/\">\n\t\t\t\t<div class=\"elementor-portfolio-item__img elementor-post__thumbnail\">\n\t\t\t<img loading=\"lazy\" decoding=\"async\" width=\"1024\" height=\"621\" src=\"https:\/\/jostkobusch.de\/wp-content\/uploads\/2023\/12\/HUG_4124-1024x621-1.jpg\" class=\"attachment-full size-full wp-image-2544\" alt=\"\" srcset=\"https:\/\/jostkobusch.de\/wp-content\/uploads\/2023\/12\/HUG_4124-1024x621-1.jpg 1024w, https:\/\/jostkobusch.de\/wp-content\/uploads\/2023\/12\/HUG_4124-1024x621-1-300x182.jpg 300w, https:\/\/jostkobusch.de\/wp-content\/uploads\/2023\/12\/HUG_4124-1024x621-1-768x466.jpg 768w\" sizes=\"(max-width: 1024px) 100vw, 1024px\" \/>\t\t<\/div>\n\t\t\t\t<div class=\"elementor-portfolio-item__overlay\">\n\t\t\t\t<h3 class=\"elementor-portfolio-item__title\">\n\t\tFreiheit Durch Verzicht\t\t<\/h3>\n\t\t\t\t<\/div>\n\t\t\t\t<\/a>\n\t\t<\/article>\n\t\t\t\t<article class=\"elementor-portfolio-item elementor-post  post-2483 post type-post status-publish format-standard has-post-thumbnail hentry category-allgemein\" role=\"listitem\">\n\t\t\t<a class=\"elementor-post__thumbnail__link\" href=\"https:\/\/jostkobusch.de\/en\/everest-winter-chronik-2019-20\/\">\n\t\t\t\t<div class=\"elementor-portfolio-item__img elementor-post__thumbnail\">\n\t\t\t<img loading=\"lazy\" decoding=\"async\" width=\"1024\" height=\"683\" src=\"https:\/\/jostkobusch.de\/wp-content\/uploads\/2023\/12\/jost-kobusch-mount-everest-west-ridge-von-unten-1024x683-1.jpg\" class=\"attachment-full size-full wp-image-2484\" alt=\"\" srcset=\"https:\/\/jostkobusch.de\/wp-content\/uploads\/2023\/12\/jost-kobusch-mount-everest-west-ridge-von-unten-1024x683-1.jpg 1024w, https:\/\/jostkobusch.de\/wp-content\/uploads\/2023\/12\/jost-kobusch-mount-everest-west-ridge-von-unten-1024x683-1-300x200.jpg 300w, https:\/\/jostkobusch.de\/wp-content\/uploads\/2023\/12\/jost-kobusch-mount-everest-west-ridge-von-unten-1024x683-1-768x512.jpg 768w\" sizes=\"(max-width: 1024px) 100vw, 1024px\" \/>\t\t<\/div>\n\t\t\t\t<div class=\"elementor-portfolio-item__overlay\">\n\t\t\t\t<h3 class=\"elementor-portfolio-item__title\">\n\t\tEverest Winter Chronik 2019\/20\t\t<\/h3>\n\t\t\t\t<\/div>\n\t\t\t\t<\/a>\n\t\t<\/article>\n\t\t\t\t<article class=\"elementor-portfolio-item elementor-post  post-2465 post type-post status-publish format-standard has-post-thumbnail hentry category-allgemein\" role=\"listitem\">\n\t\t\t<a class=\"elementor-post__thumbnail__link\" href=\"https:\/\/jostkobusch.de\/en\/amotsang-6393m\/\">\n\t\t\t\t<div class=\"elementor-portfolio-item__img elementor-post__thumbnail\">\n\t\t\t<img loading=\"lazy\" decoding=\"async\" width=\"1024\" height=\"768\" src=\"https:\/\/jostkobusch.de\/wp-content\/uploads\/2023\/12\/jost-kobusch-amotsang-gipfel-erreicht-1024x768-1.jpg\" class=\"attachment-full size-full wp-image-2468\" alt=\"\" srcset=\"https:\/\/jostkobusch.de\/wp-content\/uploads\/2023\/12\/jost-kobusch-amotsang-gipfel-erreicht-1024x768-1.jpg 1024w, https:\/\/jostkobusch.de\/wp-content\/uploads\/2023\/12\/jost-kobusch-amotsang-gipfel-erreicht-1024x768-1-300x225.jpg 300w, https:\/\/jostkobusch.de\/wp-content\/uploads\/2023\/12\/jost-kobusch-amotsang-gipfel-erreicht-1024x768-1-768x576.jpg 768w\" sizes=\"(max-width: 1024px) 100vw, 1024px\" \/>\t\t<\/div>\n\t\t\t\t<div class=\"elementor-portfolio-item__overlay\">\n\t\t\t\t<h3 class=\"elementor-portfolio-item__title\">\n\t\tAmotsang 6393m\t\t<\/h3>\n\t\t\t\t<\/div>\n\t\t\t\t<\/a>\n\t\t<\/article>\n\t\t\t\t<article class=\"elementor-portfolio-item elementor-post  post-2438 post type-post status-publish format-standard has-post-thumbnail hentry category-allgemein\" role=\"listitem\">\n\t\t\t<a class=\"elementor-post__thumbnail__link\" href=\"https:\/\/jostkobusch.de\/en\/everest-winter-2019-20-vorbereitung\/\">\n\t\t\t\t<div class=\"elementor-portfolio-item__img elementor-post__thumbnail\">\n\t\t\t<img loading=\"lazy\" decoding=\"async\" width=\"1024\" height=\"683\" src=\"https:\/\/jostkobusch.de\/wp-content\/uploads\/2023\/12\/jost-kobusch-khumbu-everest-approach-daniel-hug-1024x683-1.jpg\" class=\"attachment-full size-full wp-image-2439\" alt=\"\" srcset=\"https:\/\/jostkobusch.de\/wp-content\/uploads\/2023\/12\/jost-kobusch-khumbu-everest-approach-daniel-hug-1024x683-1.jpg 1024w, https:\/\/jostkobusch.de\/wp-content\/uploads\/2023\/12\/jost-kobusch-khumbu-everest-approach-daniel-hug-1024x683-1-300x200.jpg 300w, https:\/\/jostkobusch.de\/wp-content\/uploads\/2023\/12\/jost-kobusch-khumbu-everest-approach-daniel-hug-1024x683-1-768x512.jpg 768w\" sizes=\"(max-width: 1024px) 100vw, 1024px\" \/>\t\t<\/div>\n\t\t\t\t<div class=\"elementor-portfolio-item__overlay\">\n\t\t\t\t<h3 class=\"elementor-portfolio-item__title\">\n\t\tEverest Winter 2019\/20 Vorbereitung\t\t<\/h3>\n\t\t\t\t<\/div>\n\t\t\t\t<\/a>\n\t\t<\/article>\n\t\t\t\t<article class=\"elementor-portfolio-item elementor-post  post-2374 post type-post status-publish format-standard has-post-thumbnail hentry category-allgemein\" role=\"listitem\">\n\t\t\t<a class=\"elementor-post__thumbnail__link\" href=\"https:\/\/jostkobusch.de\/en\/denali-behind-the-scenes-2018-19\/\">\n\t\t\t\t<div class=\"elementor-portfolio-item__img elementor-post__thumbnail\">\n\t\t\t<img loading=\"lazy\" decoding=\"async\" width=\"1024\" height=\"683\" src=\"https:\/\/jostkobusch.de\/wp-content\/uploads\/2023\/12\/jost-kobusch-denali-winter-flughangar-jost-fuellt-wasser-in-kochtopf-1024x683-1.jpg\" class=\"attachment-full size-full wp-image-2375\" alt=\"\" srcset=\"https:\/\/jostkobusch.de\/wp-content\/uploads\/2023\/12\/jost-kobusch-denali-winter-flughangar-jost-fuellt-wasser-in-kochtopf-1024x683-1.jpg 1024w, https:\/\/jostkobusch.de\/wp-content\/uploads\/2023\/12\/jost-kobusch-denali-winter-flughangar-jost-fuellt-wasser-in-kochtopf-1024x683-1-300x200.jpg 300w, https:\/\/jostkobusch.de\/wp-content\/uploads\/2023\/12\/jost-kobusch-denali-winter-flughangar-jost-fuellt-wasser-in-kochtopf-1024x683-1-768x512.jpg 768w\" sizes=\"(max-width: 1024px) 100vw, 1024px\" \/>\t\t<\/div>\n\t\t\t\t<div class=\"elementor-portfolio-item__overlay\">\n\t\t\t\t<h3 class=\"elementor-portfolio-item__title\">\n\t\tDenali Behind The Scenes 2018\/19\t\t<\/h3>\n\t\t\t\t<\/div>\n\t\t\t\t<\/a>\n\t\t<\/article>\n\t\t\t\t<\/div>\n\t\t\t\t\t\t<\/div>\n\t\t\t\t<\/div>\n\t\t\t\t\t<\/div>\n\t\t\t\t<\/div>\n\t\t\t\t<\/div>","protected":false},"excerpt":{"rendered":"<p>Ich sage oft, dass die Berge mein Spielplatz sind, aber ich vergesse dabei nie, dass sie so viel gr\u00f6\u00dfer und st\u00e4rker sind als ich. Auch wenn der Mensch zwischenzeitlich versucht dieses Machtgef\u00e4lle umzudrehen, indem Bohrhaken angebracht, Leitern mit auf den Berg geschleppt werden oder mit viel Materialeinsatz noch der steilste \u00dcberhang durchstiegen wird. Die Natur [&hellip;]<\/p>\n","protected":false},"author":1,"featured_media":2544,"comment_status":"closed","ping_status":"closed","sticky":false,"template":"","format":"standard","meta":{"_acf_changed":false,"footnotes":""},"categories":[1],"tags":[],"class_list":["post-2543","post","type-post","status-publish","format-standard","has-post-thumbnail","hentry","category-allgemein"],"acf":[],"_links":{"self":[{"href":"https:\/\/jostkobusch.de\/en\/wp-json\/wp\/v2\/posts\/2543","targetHints":{"allow":["GET"]}}],"collection":[{"href":"https:\/\/jostkobusch.de\/en\/wp-json\/wp\/v2\/posts"}],"about":[{"href":"https:\/\/jostkobusch.de\/en\/wp-json\/wp\/v2\/types\/post"}],"author":[{"embeddable":true,"href":"https:\/\/jostkobusch.de\/en\/wp-json\/wp\/v2\/users\/1"}],"replies":[{"embeddable":true,"href":"https:\/\/jostkobusch.de\/en\/wp-json\/wp\/v2\/comments?post=2543"}],"version-history":[{"count":5,"href":"https:\/\/jostkobusch.de\/en\/wp-json\/wp\/v2\/posts\/2543\/revisions"}],"predecessor-version":[{"id":2731,"href":"https:\/\/jostkobusch.de\/en\/wp-json\/wp\/v2\/posts\/2543\/revisions\/2731"}],"wp:featuredmedia":[{"embeddable":true,"href":"https:\/\/jostkobusch.de\/en\/wp-json\/wp\/v2\/media\/2544"}],"wp:attachment":[{"href":"https:\/\/jostkobusch.de\/en\/wp-json\/wp\/v2\/media?parent=2543"}],"wp:term":[{"taxonomy":"category","embeddable":true,"href":"https:\/\/jostkobusch.de\/en\/wp-json\/wp\/v2\/categories?post=2543"},{"taxonomy":"post_tag","embeddable":true,"href":"https:\/\/jostkobusch.de\/en\/wp-json\/wp\/v2\/tags?post=2543"}],"curies":[{"name":"wp","href":"https:\/\/api.w.org\/{rel}","templated":true}]}}